{"id":9717,"date":"2025-02-18T12:31:36","date_gmt":"2025-02-18T10:31:36","guid":{"rendered":"https:\/\/damasalisconsult.hr\/?p=9717"},"modified":"2025-02-18T13:29:54","modified_gmt":"2025-02-18T11:29:54","slug":"wann-und-wie-fruhjahrsallergien-vorbeugen","status":"publish","type":"post","link":"https:\/\/damasalisconsult.hr\/de\/wann-und-wie-fruhjahrsallergien-vorbeugen\/","title":{"rendered":"Wann und wie fruhjahrsallergien vorbeugen?"},"content":{"rendered":"\n<p>Der Fr\u00fchling, die Jahreszeit des Erwachens der Natur, bringt w\u00e4rmere Tage, bl\u00fchende Wiesen und lange Spazierg\u00e4nge im Freien. F\u00fcr viele bedeutet diese Zeit des Jahres jedoch den Beginn eines unangenehmen Kampfes mit Allergien.&nbsp;<strong>Niesen, tr\u00e4nende Augen, Juckreiz und M\u00fcdigkeit werden zu t\u00e4glichen Herausforderungen<\/strong>. Um Fr\u00fchjahrsallergien zu vermeiden, sollten Sie rechtzeitig handeln!<\/p>\n\n\n\n<p><em>Wussten Sie, dass Allergien zu den h\u00e4ufigsten Gesundheitsproblemen der modernen Zeit geh\u00f6ren?<\/em>&nbsp;Die Zahl der Betroffenen steigt von Jahr zu Jahr. Statistiken zeigen,&nbsp;<strong>dass heute jeder Vierte betroffen ist.<\/strong>&nbsp;Der Grund? Die&nbsp;<strong>erh\u00f6hte Pr\u00e4senz von Allergenen wie Pollen, Hausstaub und Milben, die unangenehme Reaktionen unseres Immunsystems ausl\u00f6sen, sowie ein zunehmend unausgeglichenes Immunsystem des Menschen<\/strong>.&nbsp;<em>Gl\u00fccklicherweise ist es mit rechtzeitiger Pr\u00e4vention m\u00f6glich, die Auswirkungen saisonaler Allergien zu reduzieren und den Fr\u00fchling ohne Beschwerden zu genie\u00dfen.<\/em><\/p>\n\n\n\n<div style=\"height:40px\" aria-hidden=\"true\" class=\"wp-block-spacer\"><\/div>\n\n\n<div class=\"wp-block-image\">\n<figure class=\"aligncenter size-full\"><img fetchpriority=\"high\" decoding=\"async\" width=\"635\" height=\"476\" src=\"https:\/\/damasalisconsult.hr\/wp-content\/uploads\/2025\/02\/alergija6.jpg\" alt=\"\" class=\"wp-image-9718\" srcset=\"https:\/\/damasalisconsult.hr\/wp-content\/uploads\/2025\/02\/alergija6.jpg 635w, https:\/\/damasalisconsult.hr\/wp-content\/uploads\/2025\/02\/alergija6-300x225.jpg 300w, https:\/\/damasalisconsult.hr\/wp-content\/uploads\/2025\/02\/alergija6-16x12.jpg 16w\" sizes=\"(max-width: 635px) 100vw, 635px\" \/><\/figure>\n<\/div>\n\n\n<div style=\"height:40px\" aria-hidden=\"true\" class=\"wp-block-spacer\"><\/div>\n\n\n\n<p><em>Fr\u00fchjahrsallergien vorzubeugen ist nicht nur w\u00fcnschenswert, sondern auch einfach mit etwas Planung:<\/em><\/p>\n\n\n\n<ol start=\"1\" class=\"wp-block-list\">\n<li><strong>\u00dcberwachung von Pollenprognosen:<\/strong>&nbsp;Mit einem Pollenkalender und Allergie-Warnsystem k\u00f6nnen Sie Ihre Aktivit\u00e4ten im Freien planen. Informationen zur Pollenkonzentration sind \u00fcber mobile Apps und Online-Dienste verf\u00fcgbar.<\/li>\n\n\n\n<li><strong>Saisonale Allergene nach Regionen:<\/strong>\n<ul class=\"wp-block-list\">\n<li><strong>Kontinentales Kroatien:<\/strong>\n<ul class=\"wp-block-list\">\n<li><strong>Fr\u00fchling:<\/strong>&nbsp;Hasel (Januar\/Februar), Birke und Eiche (M\u00e4rz\/Mai).<\/li>\n\n\n\n<li><strong>Sommer:<\/strong>&nbsp;Gr\u00e4ser (April\/Juni).<\/li>\n\n\n\n<li><strong>Herbst:<\/strong>&nbsp;Ambrosia und Beifu\u00df (August\/Oktober).<\/li>\n<\/ul>\n<\/li>\n\n\n\n<li><strong>K\u00fcstenregion Kroatiens:<\/strong>\n<ul class=\"wp-block-list\">\n<li><strong>Fr\u00fchling:<\/strong>&nbsp;Schwarzkiefer und Zypresse (Winter- und Fr\u00fchlingsmonate).<\/li>\n\n\n\n<li><strong>Sommer:<\/strong>&nbsp;Olivenbaum (Juni\/Juli).<\/li>\n\n\n\n<li><strong>Herbst:<\/strong>&nbsp;G\u00e4nsefu\u00df und andere Unkr\u00e4uter (August\/Oktober).<\/li>\n<\/ul>\n<\/li>\n<\/ul>\n<\/li>\n\n\n\n<li><strong>Vermeidung von Allergenen:<\/strong>&nbsp;Pollen ist besonders stark am fr\u00fchen Morgen und an sonnigen oder windigen Tagen. Begrenzen Sie Ihren Aufenthalt im Freien in diesen Zeiten und halten Sie Fenster geschlossen.<\/li>\n\n\n\n<li><strong>Schutz im Freien:<\/strong>&nbsp;Sonnenbrillen, ein Hut und Kleidung, die die Haut bedeckt, verringern den Kontakt mit Allergenen. Duschen Sie nach der R\u00fcckkehr nach Hause und waschen Sie Ihre Haare, um Pollen zu entfernen.<\/li>\n\n\n\n<li><strong>Sauberer Haushalt:<\/strong>&nbsp;Regelm\u00e4\u00dfiger Bettw\u00e4schewechsel, W\u00e4schewaschen und die Wartung von Klimaanlagen mit hocheffizienten Filtern reduzieren die Pollenkonzentration zus\u00e4tzlich.<\/li>\n<\/ol>\n\n\n\n<div style=\"height:40px\" aria-hidden=\"true\" class=\"wp-block-spacer\"><\/div>\n\n\n<div class=\"wp-block-image\">\n<figure class=\"aligncenter size-full\"><img decoding=\"async\" width=\"687\" height=\"458\" src=\"https:\/\/damasalisconsult.hr\/wp-content\/uploads\/2025\/02\/alergija7.jpg\" alt=\"\" class=\"wp-image-9721\" srcset=\"https:\/\/damasalisconsult.hr\/wp-content\/uploads\/2025\/02\/alergija7.jpg 687w, https:\/\/damasalisconsult.hr\/wp-content\/uploads\/2025\/02\/alergija7-300x200.jpg 300w, https:\/\/damasalisconsult.hr\/wp-content\/uploads\/2025\/02\/alergija7-18x12.jpg 18w\" sizes=\"(max-width: 687px) 100vw, 687px\" \/><\/figure>\n<\/div>\n\n\n<div style=\"height:41px\" aria-hidden=\"true\" class=\"wp-block-spacer\"><\/div>\n\n\n\n<h3 class=\"wp-block-heading\">Warten Sie nicht auf die ersten Symptome!<\/h3>\n\n\n\n<p>Beginnen Sie jetzt mit den Vorbereitungen auf die Allergiesaison. Holen Sie sich einen Pollenkalender, verfolgen Sie die Prognosen und organisieren Sie Ihren Tagesablauf entsprechend den Pollenwerten in der Luft. Mit ein wenig M\u00fche kann der Fr\u00fchling eine Zeit des Genusses und nicht des Niesens sein.<\/p>\n\n\n\n<p>Handeln Sie jetzt und sorgen Sie f\u00fcr Ihre Gesundheit und einen ruhigen Alltag \u2013 denn Ihre Gesundheit verdient den besten Schutz! Ihr Fr\u00fchling kann genau so sein, wie Sie es sich vorgestellt haben \u2013 voller Freude und Naturgenuss.&nbsp;\ud83c\udf38<\/p>\n\n\n\n<div style=\"height:40px\" aria-hidden=\"true\" class=\"wp-block-spacer\"><\/div>\n\n\n\n<h3 class=\"wp-block-heading\">Welche zus\u00e4tzliche Hilfe bietet die Natur?<\/h3>\n\n\n\n<p>Zahlreiche Studien zeigen die Wirksamkeit von&nbsp;<strong><u><a href=\"https:\/\/damasalisconsult.hr\/de\/was-ist-quercetin-und-wie-hilfe-esbei-allergien\/\" target=\"_blank\" rel=\"noopener\" title=\"\">Quercetin<\/a><\/u><\/strong> als eines der st\u00e4rksten nat\u00fcrlichen Antihistaminika (Substanzen, die allergische Reaktionen reduzieren).&nbsp;<strong>Indischer Weihrauch<\/strong>&nbsp;hat sich auch als n\u00fctzlich bei der Behandlung von allergischem Asthma erwiesen.&nbsp;<strong>Vitamine A, C, D und Zink<\/strong>&nbsp;tragen zur normalen Funktion des Immunsystems bei.<\/p>\n\n\n\n<div style=\"height:40px\" aria-hidden=\"true\" class=\"wp-block-spacer\"><\/div>\n\n\n\n<div class=\"wp-block-group\"><div class=\"wp-block-group__inner-container is-layout-constrained wp-block-group-is-layout-constrained\">\n<p><\/p>\n\n\n\n<h3 class=\"wp-block-heading has-text-align-center\">Intelligente L\u00f6sung zur Linderung Ihrer Allergie- und Entz\u00fcndungssymptome<\/h3>\n\n\n<div class=\"wp-block-image\">\n<figure class=\"aligncenter size-full is-resized\"><img decoding=\"async\" width=\"1000\" height=\"862\" src=\"https:\/\/damasalisconsult.hr\/wp-content\/uploads\/2024\/03\/qsmart.png\" alt=\"\" class=\"wp-image-8884\" style=\"width:600px\" srcset=\"https:\/\/damasalisconsult.hr\/wp-content\/uploads\/2024\/03\/qsmart.png 1000w, https:\/\/damasalisconsult.hr\/wp-content\/uploads\/2024\/03\/qsmart-300x259.png 300w, https:\/\/damasalisconsult.hr\/wp-content\/uploads\/2024\/03\/qsmart-768x662.png 768w, https:\/\/damasalisconsult.hr\/wp-content\/uploads\/2024\/03\/qsmart-14x12.png 14w\" sizes=\"(max-width: 1000px) 100vw, 1000px\" \/><\/figure>\n<\/div>\n\n\n<div style=\"height:40px\" aria-hidden=\"true\" class=\"wp-block-spacer\"><\/div>\n\n\n\n<div class=\"wp-block-group\"><div class=\"wp-block-group__inner-container is-layout-constrained wp-block-group-is-layout-constrained\">\n<h3 class=\"wp-block-heading has-text-align-center\">Q SMART\u00ae<\/h3>\n\n\n\n<p>Eine nat\u00fcrliche, einzigartige Kombination, die zur Linderung von Problemen geeignet ist, die durch eine \u00fcberm\u00e4\u00dfige Reaktion des Immunsystems auf Allergene (Hausstaubmilben, Pollen, bestimmte Lebensmittel) verursacht werden.<\/p>\n\n\n\n<ul class=\"wp-block-list\">\n<li>Phytosomale Form von Quercetin (in einer mikroskopisch kleinen \u00d6ltropfen) f\u00fcr bis zu 20x bessere Bioverf\u00fcgbarkeit*<\/li>\n\n\n\n<li>Phytosomale Form von indischem Weihrauch (in einer mikroskopisch kleinen \u00d6ltropfen) f\u00fcr bis zu 3x bessere Bioverf\u00fcgbarkeit*<\/li>\n\n\n\n<li>Bromelain wirkt entz\u00fcndungshemmend<\/li>\n\n\n\n<li>5-in-1 Wirkung: Studien zeigen, dass diese Inhaltsstoffe die Symptome von saisonalen und ganzj\u00e4hrigen Allergien reduzieren, Asthmasymptome lindern, die H\u00e4ufigkeit von chronischer Sinusitis verringern und die Genesung beschleunigen, das Immunsystem ausgleichen und auch f\u00fcr andere entz\u00fcndliche Prozesse wie Morbus Crohn, Arthritis usw. geeignet sind.<\/li>\n\n\n\n<li>Vitamin A, C, D und Zink tragen zur normalen Funktion des Immunsystems bei.<\/li>\n\n\n\n<li>Vitamin C und Zink tragen zum Schutz der Zellen vor oxidativem Stress bei.<\/li>\n\n\n\n<li>Vitamin A tr\u00e4gt zur Erhaltung normaler Schleimh\u00e4ute bei.<\/li>\n\n\n\n<li>Geeignet f\u00fcr Vegetarier und Veganer<\/li>\n\n\n\n<li>Glutenfrei, allergenfrei, ohne Zusatzstoffe und k\u00fcnstliche Farbstoffe<\/li>\n\n\n\n<li>Hergestellt in Kroatien<\/li>\n\n\n\n<li>Entwickelt von pharmazeutischen Experten mit langj\u00e4hriger Erfahrung in der Apotheke<\/li>\n<\/ul>\n\n\n\n<p><\/p>\n\n\n\n<div style=\"height:40px\" aria-hidden=\"true\" class=\"wp-block-spacer\"><\/div>\n\n\n\n<div class=\"wp-block-buttons is-horizontal is-content-justification-center is-layout-flex wp-container-core-buttons-is-layout-499968f5 wp-block-buttons-is-layout-flex\">\n<div class=\"wp-block-button has-custom-font-size aligncenter is-style-fill\" style=\"font-size:16px\"><a class=\"wp-block-button__link has-white-color has-text-color has-background has-link-color wp-element-button\" href=\"https:\/\/shop.ljekarnerizk.com\/product\/damasalis-q-smart\/9728c0f81c36\/tags=&amp;filters=&amp;search=q%20smart&amp;meta=&amp;brands=&amp;prices=&amp;page=1\" style=\"border-radius:21px;background-color:#0082ac\" target=\"_blank\" rel=\"noreferrer noopener\"><strong>JETZT BESTELLEN<\/strong><\/a><\/div>\n<\/div>\n\n\n\n<div style=\"height:30px\" aria-hidden=\"true\" class=\"wp-block-spacer\"><\/div>\n\n\n\n<p class=\"has-text-align-center has-black-color has-text-color\">Lassen Sie nicht zu, dass Allergien Ihre Lebensqualit\u00e4t beeintr\u00e4chtigen, \u00fcbernehmen Sie die Kontrolle.<\/p>\n\n\n\n<div style=\"height:30px\" aria-hidden=\"true\" class=\"wp-block-spacer\"><\/div>\n\n\n\n<div class=\"wp-block-buttons is-horizontal is-content-justification-center is-layout-flex wp-container-core-buttons-is-layout-499968f5 wp-block-buttons-is-layout-flex\">\n<div class=\"wp-block-button has-custom-font-size aligncenter is-style-fill\" style=\"font-size:16px\"><a class=\"wp-block-button__link has-white-color has-text-color has-background has-link-color wp-element-button\" href=\"https:\/\/damasalisconsult.hr\/de\/q-smart\/\" style=\"border-radius:21px;background-color:#0082ac\" target=\"_blank\" rel=\"noreferrer noopener\"><strong>ERFAHREN SIE MEHR \u00dcBER DAS PRODUKT<\/strong><\/a><\/div>\n<\/div>\n\n\n\n<div style=\"height:50px\" aria-hidden=\"true\" class=\"wp-block-spacer\"><\/div>\n\n\n\n<p><strong>Quellen<\/strong>:<\/p>\n\n\n\n<ol style=\"list-style-type:1\" class=\"wp-block-list\">\n<li><a href=\"https:\/\/pubmed.ncbi.nlm.nih.gov\/?term=Jafarinia+M&amp;cauthor_id=32467711\">M Jafarinia<\/a><sup>&nbsp;<\/sup>,&nbsp;<a href=\"https:\/\/pubmed.ncbi.nlm.nih.gov\/?term=Sadat+Hosseini+M&amp;cauthor_id=32467711\">M Sadat Hosseini<\/a><sup>&nbsp;<\/sup>,&nbsp;<a href=\"https:\/\/pubmed.ncbi.nlm.nih.gov\/?term=Kasiri+N&amp;cauthor_id=32467711\">N Kasiri<\/a><sup>&nbsp;<\/sup>,&nbsp;<a href=\"https:\/\/pubmed.ncbi.nlm.nih.gov\/?term=Fazel+N&amp;cauthor_id=32467711\">N Fazel<\/a><sup>&nbsp;<\/sup>,&nbsp;<a href=\"https:\/\/pubmed.ncbi.nlm.nih.gov\/?term=Fathi+F&amp;cauthor_id=32467711\">F Fathi<\/a><sup>&nbsp;<\/sup>,&nbsp;<a href=\"https:\/\/pubmed.ncbi.nlm.nih.gov\/?term=Ganjalikhani+Hakemi+M&amp;cauthor_id=32467711\">M Ganjalikhani Hakemi<\/a><sup>&nbsp;<\/sup>,&nbsp;<a href=\"https:\/\/pubmed.ncbi.nlm.nih.gov\/?term=Eskandari+N&amp;cauthor_id=32467711\">N Eskandari<\/a>:Quercetin with the potential effect on allergic diseases, Allergy Asthma Clin Immunol. 2020 May 14:16:36. doi: 10.1186\/s13223-020-00434-0.<\/li>\n\n\n\n<li>L Feng, F Sun, Y Chen, S Shamsadin Athari, X Chen: Studying the Effects of Vitamin A on the Severity of Allergic Rhinitis and Asthma.&nbsp;Iran J Allergy Asthma Immunol<br>December 2021; 20(6):684-692.Doi: 10.18502\/ijaai.v20i6.8018.<\/li>\n\n\n\n<li>M H E Ghalibaf, F Kianian, S Beigoli,S Behrouz, N Marefati,M Boskabady, MH Boskabady: The efects of vitamin C on respiratory, allergic and immunological diseases: an experimental and clinical\u2010based review. Infammopharmacology (2023) 31:653\u2013672<a href=\"https:\/\/doi.org\/10.1007\/s10787-023-01169-1\">doi.org\/10.1007\/s10787-023-01169-1<\/a>.<br><\/li>\n\n\n\n<li>Zajac, D. Mineral :Micronutrients in Asthma. Nutrients2021, 13, 4001.&nbsp;<a href=\"https:\/\/doi.org\/10.3390\/nu13114001\">\/\/doi.org\/10.3390\/nu13114001<\/a><\/li>\n\n\n\n<li>Chakraborty, A.J.; Mitra, S.;Tallei, T.E.; Tareq, A.M.; Nainu, F.;Cicia, D.; Dhama, K.; Emran, T.B.;Simal-Gandara, J.; Capasso, R.Bromelain a Potential BioactiveCompound: A Comprehensive Overview from a PharmacologicalPerspective. Life 2021, 11, 317.<br><a href=\"https:\/\/doi.org\/10.3390\/life11040317\">https:\/\/doi.org\/10.3390\/life11040317<\/a><\/li>\n\n\n\n<li>Natalija G. To\u0161i\u0107, Vesna D. Nikoli\u0107, Vojkan M. Miljkovi\u0107, Ljubi\u0161a B. Nikoli\u0107: BOSWELLIA SERRATA RESIN ISOLATES: CHEMICAL COMPOSITION AND PHARMACOLOGICAL ACTIVITIES. Advanced technologies11(1) (2022) 76-87, UDC 582.746.36:615.322:678.049.6 DOI 10.5937\/savteh2201076T<\/li>\n\n\n\n<li>https:\/\/www.plivazdravlje.hr\/aktualno\/clanak\/32362\/Kako-sprijeciti-proljetne-alergije.html<\/li>\n<\/ol>\n\n\n\n<p><em>*Die Ergebnisse des Produkts k\u00f6nnen von Person zu Person unterschiedlich sein und von den auf der Seite beschriebenen abweichen. Die auf dieser Seite gelesenen Informationen k\u00f6nnen eine \u00e4rztliche Untersuchung und Diagnose durch eine Fachkraft nicht ersetzen. Damasalis consult lehnt jede Haftung f\u00fcr die Folgen einer unsachgem\u00e4\u00dfen Anwendung unserer Nahrungserg\u00e4nzungsmittel ab. Ein Nahrungserg\u00e4nzungsmittel ist kein Ersatz f\u00fcr eine ausgewogene Ern\u00e4hrung.<\/em><\/p>\n<\/div><\/div>\n<\/div><\/div>\n","protected":false},"excerpt":{"rendered":"<p>Der Fr\u00fchling, die Jahreszeit des Erwachens der Natur, bringt w\u00e4rmere Tage, bl\u00fchende Wiesen und lange Spazierg\u00e4nge im Freien. F\u00fcr viele bedeutet diese Zeit des Jahres jedoch den Beginn eines unangenehmen Kampfes mit Allergien.&nbsp;Niesen, tr\u00e4nende Augen, Juckreiz und M\u00fcdigkeit werden zu t\u00e4glichen Herausforderungen. Um Fr\u00fchjahrsallergien zu vermeiden, sollten Sie rechtzeitig handeln! Wussten Sie, dass Allergien zu [&hellip;]<\/p>\n","protected":false},"author":1,"featured_media":9721,"comment_status":"closed","ping_status":"closed","sticky":false,"template":"","format":"standard","meta":{"footnotes":""},"categories":[96],"tags":[],"class_list":["post-9717","post","type-post","status-publish","format-standard","has-post-thumbnail","hentry","category-allergien-2"],"aioseo_notices":[],"_links":{"self":[{"href":"https:\/\/damasalisconsult.hr\/de\/wp-json\/wp\/v2\/posts\/9717","targetHints":{"allow":["GET"]}}],"collection":[{"href":"https:\/\/damasalisconsult.hr\/de\/wp-json\/wp\/v2\/posts"}],"about":[{"href":"https:\/\/damasalisconsult.hr\/de\/wp-json\/wp\/v2\/types\/post"}],"author":[{"embeddable":true,"href":"https:\/\/damasalisconsult.hr\/de\/wp-json\/wp\/v2\/users\/1"}],"replies":[{"embeddable":true,"href":"https:\/\/damasalisconsult.hr\/de\/wp-json\/wp\/v2\/comments?post=9717"}],"version-history":[{"count":3,"href":"https:\/\/damasalisconsult.hr\/de\/wp-json\/wp\/v2\/posts\/9717\/revisions"}],"predecessor-version":[{"id":9737,"href":"https:\/\/damasalisconsult.hr\/de\/wp-json\/wp\/v2\/posts\/9717\/revisions\/9737"}],"wp:featuredmedia":[{"embeddable":true,"href":"https:\/\/damasalisconsult.hr\/de\/wp-json\/wp\/v2\/media\/9721"}],"wp:attachment":[{"href":"https:\/\/damasalisconsult.hr\/de\/wp-json\/wp\/v2\/media?parent=9717"}],"wp:term":[{"taxonomy":"category","embeddable":true,"href":"https:\/\/damasalisconsult.hr\/de\/wp-json\/wp\/v2\/categories?post=9717"},{"taxonomy":"post_tag","embeddable":true,"href":"https:\/\/damasalisconsult.hr\/de\/wp-json\/wp\/v2\/tags?post=9717"}],"curies":[{"name":"wp","href":"https:\/\/api.w.org\/{rel}","templated":true}]}}